{"id":19063,"date":"2022-05-31T13:44:12","date_gmt":"2022-05-31T16:44:12","guid":{"rendered":"https:\/\/www.ultra.adm.br\/wp\/?p=19063"},"modified":"2022-06-02T13:54:10","modified_gmt":"2022-06-02T16:54:10","slug":"conselho-do-atletico-mineiro-aprova-venda-de-participacao-no-diamondmall-por-r-320-milhoes","status":"publish","type":"post","link":"https:\/\/www.ultra.adm.br\/wp\/conselho-do-atletico-mineiro-aprova-venda-de-participacao-no-diamondmall-por-r-320-milhoes\/","title":{"rendered":"Conselho do Atl\u00e9tico Mineiro aprova venda de participa\u00e7\u00e3o no DiamondMall, por R$ 320 milh\u00f5es"},"content":{"rendered":"<p style=\"text-align: justify;\">O conselho deliberativo do&nbsp;Atl\u00e9tico Mineiro&nbsp;aprovou nessa segunda-feira (30), em assembleia extraordin\u00e1ria, a venda de 49,9% de participa\u00e7\u00e3o no shopping&nbsp;DiamondMall,&nbsp;em Belo Horizonte, administrado pela&nbsp;Multiplan. A inten\u00e7\u00e3o \u00e9 desafogar as d\u00edvidas do clube, que superam R$ 500 milh\u00f5es.<\/p>\n<p style=\"text-align: justify;\">De 480 conselheiros, o clube conseguiu os 280 votos necess\u00e1rios para aprova\u00e7\u00e3o da venda da fatia no im\u00f3vel, na qual pretende&nbsp;levantar R$ 320 milh\u00f5es. Segundo o Atl\u00e9tico, o pr\u00f3ximo passo \u00e9 abrir a rodada de negocia\u00e7\u00f5es com investidores para a compra desses 49,9%. A Multiplan ainda n\u00e3o se manifestou se ter\u00e1 interesse ou n\u00e3o em adquirir essa fatia.<\/p>\n<p style=\"text-align: justify;\">Em 2017, o Atl\u00e9tico vendeu a fatia de 50,1% para a administradora de shoppings pelo valor de R$ 296,8 milh\u00f5es, com corre\u00e7\u00e3o. A aquisi\u00e7\u00e3o foi conclu\u00edda em janeiro de 2020. O valor inicial do neg\u00f3cio era de R$ 250 milh\u00f5es.<\/p>\n<p style=\"text-align: justify;\">Inaugurado em 1996, o DiamondMall foi desenvolvido em terreno arrendado do Atl\u00e9tico pelo per\u00edodo de 30 anos \u2014 at\u00e9 novembro de 2026. Desde a abertura, ele \u00e9 administrado pela Multiplan, que, na capital mineira, administra ainda o BH Shopping e o P\u00e1tio Savassi.<\/p>\n<p style=\"text-align: justify;\">Fonte: Por Fl\u00e1vya Pereira, Valor&nbsp;\u2014 S\u00e3o Paulo<\/p>\n","protected":false},"excerpt":{"rendered":"<p>O conselho deliberativo do&nbsp;Atl\u00e9tico Mineiro&nbsp;aprovou nessa segunda-feira (30), em assembleia extraordin\u00e1ria, a venda de 49,9% de participa\u00e7\u00e3o no shopping&nbsp;DiamondMall,&nbsp;em Belo Horizonte, administrado pela&nbsp;Multiplan. A inten\u00e7\u00e3o \u00e9 desafogar as d\u00edvidas do clube, que superam R$ 500 milh\u00f5es. De 480 conselheiros, o clube conseguiu os 280 votos necess\u00e1rios para aprova\u00e7\u00e3o da venda da fatia no im\u00f3vel, na&hellip; <br \/> <a class=\"read-more\" href=\"https:\/\/www.ultra.adm.br\/wp\/conselho-do-atletico-mineiro-aprova-venda-de-participacao-no-diamondmall-por-r-320-milhoes\/\">Read more<\/a><\/p>\n","protected":false},"author":2,"featured_media":19064,"comment_status":"closed","ping_status":"closed","sticky":false,"template":"","format":"standard","meta":{"_monsterinsights_skip_tracking":false,"_monsterinsights_sitenote_active":false,"_monsterinsights_sitenote_note":"","_monsterinsights_sitenote_category":0,"ngg_post_thumbnail":0,"footnotes":""},"categories":[13],"tags":[58,103],"class_list":["post-19063","post","type-post","status-publish","format-standard","has-post-thumbnail","hentry","category-clipping","tag-ma","tag-ma-2022"],"yoast_head":"<!-- This site is optimized with the Yoast SEO plugin v27.5 - https:\/\/yoast.com\/product\/yoast-seo-wordpress\/ -->\n<title>Ultra Planejamento, Comercializa\u00e7\u00e3o e Opera\u00e7\u00e3o de Shopping Centers &#187; Conselho do Atl\u00e9tico Mineiro aprova venda de participa\u00e7\u00e3o no DiamondMall, por R$ 320 milh\u00f5es<\/title>\n<meta name=\"robots\" content=\"index, follow, max-snippet:-1, max-image-preview:large, max-video-preview:-1\" \/>\n<link rel=\"canonical\" href=\"https:\/\/www.ultra.adm.br\/wp\/conselho-do-atletico-mineiro-aprova-venda-de-participacao-no-diamondmall-por-r-320-milhoes\/\" \/>\n<meta property=\"og:locale\" content=\"pt_BR\" \/>\n<meta property=\"og:type\" content=\"article\" \/>\n<meta property=\"og:title\" content=\"Ultra Planejamento, Comercializa\u00e7\u00e3o e Opera\u00e7\u00e3o de Shopping Centers &#187; Conselho do Atl\u00e9tico Mineiro aprova venda de participa\u00e7\u00e3o no DiamondMall, por R$ 320 milh\u00f5es\" \/>\n<meta property=\"og:description\" content=\"O conselho deliberativo do&nbsp;Atl\u00e9tico Mineiro&nbsp;aprovou nessa segunda-feira (30), em assembleia extraordin\u00e1ria, a venda de 49,9% de participa\u00e7\u00e3o no shopping&nbsp;DiamondMall,&nbsp;em Belo Horizonte, administrado pela&nbsp;Multiplan. A inten\u00e7\u00e3o \u00e9 desafogar as d\u00edvidas do clube, que superam R$ 500 milh\u00f5es. De 480 conselheiros, o clube conseguiu os 280 votos necess\u00e1rios para aprova\u00e7\u00e3o da venda da fatia no im\u00f3vel, na&hellip; Read more\" \/>\n<meta property=\"og:url\" content=\"https:\/\/www.ultra.adm.br\/wp\/conselho-do-atletico-mineiro-aprova-venda-de-participacao-no-diamondmall-por-r-320-milhoes\/\" \/>\n<meta property=\"og:site_name\" content=\"Ultra Planejamento, Comercializa\u00e7\u00e3o e Opera\u00e7\u00e3o de Shopping Centers\" \/>\n<meta property=\"article:published_time\" content=\"2022-05-31T16:44:12+00:00\" \/>\n<meta property=\"article:modified_time\" content=\"2022-06-02T16:54:10+00:00\" \/>\n<meta property=\"og:image\" content=\"https:\/\/www.ultra.adm.br\/wp\/wp-content\/uploads\/2022\/06\/diamondmall.png\" \/>\n\t<meta property=\"og:image:width\" content=\"500\" \/>\n\t<meta property=\"og:image:height\" content=\"284\" \/>\n\t<meta property=\"og:image:type\" content=\"image\/png\" \/>\n<meta name=\"author\" content=\"Ultra Gest\u00e3o\" \/>\n<meta name=\"twitter:card\" content=\"summary_large_image\" \/>\n<meta name=\"twitter:label1\" content=\"Escrito por\" \/>\n\t<meta name=\"twitter:data1\" content=\"Ultra Gest\u00e3o\" \/>\n\t<meta name=\"twitter:label2\" content=\"Est. tempo de leitura\" \/>\n\t<meta name=\"twitter:data2\" content=\"2 minutos\" \/>\n<script type=\"application\/ld+json\" class=\"yoast-schema-graph\">{\"@context\":\"https:\\\/\\\/schema.org\",\"@graph\":[{\"@type\":\"Article\",\"@id\":\"https:\\\/\\\/www.ultra.adm.br\\\/wp\\\/conselho-do-atletico-mineiro-aprova-venda-de-participacao-no-diamondmall-por-r-320-milhoes\\\/#article\",\"isPartOf\":{\"@id\":\"https:\\\/\\\/www.ultra.adm.br\\\/wp\\\/conselho-do-atletico-mineiro-aprova-venda-de-participacao-no-diamondmall-por-r-320-milhoes\\\/\"},\"author\":{\"name\":\"Ultra Gest\u00e3o\",\"@id\":\"https:\\\/\\\/www.ultra.adm.br\\\/wp\\\/#\\\/schema\\\/person\\\/ab5d5553326e79ea7fbc1dc507b0373a\"},\"headline\":\"Conselho do Atl\u00e9tico Mineiro aprova venda de participa\u00e7\u00e3o no DiamondMall, por R$ 320 milh\u00f5es\",\"datePublished\":\"2022-05-31T16:44:12+00:00\",\"dateModified\":\"2022-06-02T16:54:10+00:00\",\"mainEntityOfPage\":{\"@id\":\"https:\\\/\\\/www.ultra.adm.br\\\/wp\\\/conselho-do-atletico-mineiro-aprova-venda-de-participacao-no-diamondmall-por-r-320-milhoes\\\/\"},\"wordCount\":221,\"publisher\":{\"@id\":\"https:\\\/\\\/www.ultra.adm.br\\\/wp\\\/#organization\"},\"image\":{\"@id\":\"https:\\\/\\\/www.ultra.adm.br\\\/wp\\\/conselho-do-atletico-mineiro-aprova-venda-de-participacao-no-diamondmall-por-r-320-milhoes\\\/#primaryimage\"},\"thumbnailUrl\":\"https:\\\/\\\/www.ultra.adm.br\\\/wp\\\/wp-content\\\/uploads\\\/2022\\\/06\\\/diamondmall.png\",\"keywords\":[\"M&amp;A\",\"M&amp;A 2022\"],\"articleSection\":[\"Clipping\"],\"inLanguage\":\"pt-BR\"},{\"@type\":\"WebPage\",\"@id\":\"https:\\\/\\\/www.ultra.adm.br\\\/wp\\\/conselho-do-atletico-mineiro-aprova-venda-de-participacao-no-diamondmall-por-r-320-milhoes\\\/\",\"url\":\"https:\\\/\\\/www.ultra.adm.br\\\/wp\\\/conselho-do-atletico-mineiro-aprova-venda-de-participacao-no-diamondmall-por-r-320-milhoes\\\/\",\"name\":\"Ultra Planejamento, Comercializa\u00e7\u00e3o e Opera\u00e7\u00e3o de Shopping Centers &#187; Conselho do Atl\u00e9tico Mineiro aprova venda de participa\u00e7\u00e3o no DiamondMall, por R$ 320 milh\u00f5es\",\"isPartOf\":{\"@id\":\"https:\\\/\\\/www.ultra.adm.br\\\/wp\\\/#website\"},\"primaryImageOfPage\":{\"@id\":\"https:\\\/\\\/www.ultra.adm.br\\\/wp\\\/conselho-do-atletico-mineiro-aprova-venda-de-participacao-no-diamondmall-por-r-320-milhoes\\\/#primaryimage\"},\"image\":{\"@id\":\"https:\\\/\\\/www.ultra.adm.br\\\/wp\\\/conselho-do-atletico-mineiro-aprova-venda-de-participacao-no-diamondmall-por-r-320-milhoes\\\/#primaryimage\"},\"thumbnailUrl\":\"https:\\\/\\\/www.ultra.adm.br\\\/wp\\\/wp-content\\\/uploads\\\/2022\\\/06\\\/diamondmall.png\",\"datePublished\":\"2022-05-31T16:44:12+00:00\",\"dateModified\":\"2022-06-02T16:54:10+00:00\",\"breadcrumb\":{\"@id\":\"https:\\\/\\\/www.ultra.adm.br\\\/wp\\\/conselho-do-atletico-mineiro-aprova-venda-de-participacao-no-diamondmall-por-r-320-milhoes\\\/#breadcrumb\"},\"inLanguage\":\"pt-BR\",\"potentialAction\":[{\"@type\":\"ReadAction\",\"target\":[\"https:\\\/\\\/www.ultra.adm.br\\\/wp\\\/conselho-do-atletico-mineiro-aprova-venda-de-participacao-no-diamondmall-por-r-320-milhoes\\\/\"]}]},{\"@type\":\"ImageObject\",\"inLanguage\":\"pt-BR\",\"@id\":\"https:\\\/\\\/www.ultra.adm.br\\\/wp\\\/conselho-do-atletico-mineiro-aprova-venda-de-participacao-no-diamondmall-por-r-320-milhoes\\\/#primaryimage\",\"url\":\"https:\\\/\\\/www.ultra.adm.br\\\/wp\\\/wp-content\\\/uploads\\\/2022\\\/06\\\/diamondmall.png\",\"contentUrl\":\"https:\\\/\\\/www.ultra.adm.br\\\/wp\\\/wp-content\\\/uploads\\\/2022\\\/06\\\/diamondmall.png\",\"width\":500,\"height\":284},{\"@type\":\"BreadcrumbList\",\"@id\":\"https:\\\/\\\/www.ultra.adm.br\\\/wp\\\/conselho-do-atletico-mineiro-aprova-venda-de-participacao-no-diamondmall-por-r-320-milhoes\\\/#breadcrumb\",\"itemListElement\":[{\"@type\":\"ListItem\",\"position\":1,\"name\":\"In\u00edcio\",\"item\":\"https:\\\/\\\/www.ultra.adm.br\\\/wp\\\/\"},{\"@type\":\"ListItem\",\"position\":2,\"name\":\"Conselho do Atl\u00e9tico Mineiro aprova venda de participa\u00e7\u00e3o no DiamondMall, por R$ 320 milh\u00f5es\"}]},{\"@type\":\"WebSite\",\"@id\":\"https:\\\/\\\/www.ultra.adm.br\\\/wp\\\/#website\",\"url\":\"https:\\\/\\\/www.ultra.adm.br\\\/wp\\\/\",\"name\":\"Ultra Planejamento, Comercializa\u00e7\u00e3o e Opera\u00e7\u00e3o de Shopping Centers\",\"description\":\"Disponibilizamos ao mercado de shopping centers e complexos comerciais todos os servi\u00e7os desde a concep\u00e7\u00e3o inicial at\u00e9 a gest\u00e3o desses empreendimentos, sempre respeitando os valores absolutos de \u00e9tica, transpar\u00eancia e profissionalismo.\",\"publisher\":{\"@id\":\"https:\\\/\\\/www.ultra.adm.br\\\/wp\\\/#organization\"},\"potentialAction\":[{\"@type\":\"SearchAction\",\"target\":{\"@type\":\"EntryPoint\",\"urlTemplate\":\"https:\\\/\\\/www.ultra.adm.br\\\/wp\\\/?s={search_term_string}\"},\"query-input\":{\"@type\":\"PropertyValueSpecification\",\"valueRequired\":true,\"valueName\":\"search_term_string\"}}],\"inLanguage\":\"pt-BR\"},{\"@type\":\"Organization\",\"@id\":\"https:\\\/\\\/www.ultra.adm.br\\\/wp\\\/#organization\",\"name\":\"Ultra Administra\u00e7\u00e3o, Comercializa\u00e7\u00e3o e Desenvolvimento de Shopping Centers\",\"url\":\"https:\\\/\\\/www.ultra.adm.br\\\/wp\\\/\",\"logo\":{\"@type\":\"ImageObject\",\"inLanguage\":\"pt-BR\",\"@id\":\"https:\\\/\\\/www.ultra.adm.br\\\/wp\\\/#\\\/schema\\\/logo\\\/image\\\/\",\"url\":\"https:\\\/\\\/www.ultra.adm.br\\\/wp\\\/wp-content\\\/uploads\\\/2019\\\/03\\\/Ultra-Logo-rev3.jpg\",\"contentUrl\":\"https:\\\/\\\/www.ultra.adm.br\\\/wp\\\/wp-content\\\/uploads\\\/2019\\\/03\\\/Ultra-Logo-rev3.jpg\",\"width\":250,\"height\":97,\"caption\":\"Ultra Administra\u00e7\u00e3o, Comercializa\u00e7\u00e3o e Desenvolvimento de Shopping Centers\"},\"image\":{\"@id\":\"https:\\\/\\\/www.ultra.adm.br\\\/wp\\\/#\\\/schema\\\/logo\\\/image\\\/\"}},{\"@type\":\"Person\",\"@id\":\"https:\\\/\\\/www.ultra.adm.br\\\/wp\\\/#\\\/schema\\\/person\\\/ab5d5553326e79ea7fbc1dc507b0373a\",\"name\":\"Ultra Gest\u00e3o\",\"sameAs\":[\"http:\\\/\\\/www.ultra.adm.br\"],\"url\":\"https:\\\/\\\/www.ultra.adm.br\\\/wp\\\/author\\\/egomes\\\/\"}]}<\/script>\n<!-- \/ Yoast SEO plugin. -->","yoast_head_json":{"title":"Ultra Planejamento, Comercializa\u00e7\u00e3o e Opera\u00e7\u00e3o de Shopping Centers &#187; Conselho do Atl\u00e9tico Mineiro aprova venda de participa\u00e7\u00e3o no DiamondMall, por R$ 320 milh\u00f5es","robots":{"index":"index","follow":"follow","max-snippet":"max-snippet:-1","max-image-preview":"max-image-preview:large","max-video-preview":"max-video-preview:-1"},"canonical":"https:\/\/www.ultra.adm.br\/wp\/conselho-do-atletico-mineiro-aprova-venda-de-participacao-no-diamondmall-por-r-320-milhoes\/","og_locale":"pt_BR","og_type":"article","og_title":"Ultra Planejamento, Comercializa\u00e7\u00e3o e Opera\u00e7\u00e3o de Shopping Centers &#187; Conselho do Atl\u00e9tico Mineiro aprova venda de participa\u00e7\u00e3o no DiamondMall, por R$ 320 milh\u00f5es","og_description":"O conselho deliberativo do&nbsp;Atl\u00e9tico Mineiro&nbsp;aprovou nessa segunda-feira (30), em assembleia extraordin\u00e1ria, a venda de 49,9% de participa\u00e7\u00e3o no shopping&nbsp;DiamondMall,&nbsp;em Belo Horizonte, administrado pela&nbsp;Multiplan. A inten\u00e7\u00e3o \u00e9 desafogar as d\u00edvidas do clube, que superam R$ 500 milh\u00f5es. De 480 conselheiros, o clube conseguiu os 280 votos necess\u00e1rios para aprova\u00e7\u00e3o da venda da fatia no im\u00f3vel, na&hellip; Read more","og_url":"https:\/\/www.ultra.adm.br\/wp\/conselho-do-atletico-mineiro-aprova-venda-de-participacao-no-diamondmall-por-r-320-milhoes\/","og_site_name":"Ultra Planejamento, Comercializa\u00e7\u00e3o e Opera\u00e7\u00e3o de Shopping Centers","article_published_time":"2022-05-31T16:44:12+00:00","article_modified_time":"2022-06-02T16:54:10+00:00","og_image":[{"width":500,"height":284,"url":"https:\/\/www.ultra.adm.br\/wp\/wp-content\/uploads\/2022\/06\/diamondmall.png","type":"image\/png"}],"author":"Ultra Gest\u00e3o","twitter_card":"summary_large_image","twitter_misc":{"Escrito por":"Ultra Gest\u00e3o","Est. tempo de leitura":"2 minutos"},"schema":{"@context":"https:\/\/schema.org","@graph":[{"@type":"Article","@id":"https:\/\/www.ultra.adm.br\/wp\/conselho-do-atletico-mineiro-aprova-venda-de-participacao-no-diamondmall-por-r-320-milhoes\/#article","isPartOf":{"@id":"https:\/\/www.ultra.adm.br\/wp\/conselho-do-atletico-mineiro-aprova-venda-de-participacao-no-diamondmall-por-r-320-milhoes\/"},"author":{"name":"Ultra Gest\u00e3o","@id":"https:\/\/www.ultra.adm.br\/wp\/#\/schema\/person\/ab5d5553326e79ea7fbc1dc507b0373a"},"headline":"Conselho do Atl\u00e9tico Mineiro aprova venda de participa\u00e7\u00e3o no DiamondMall, por R$ 320 milh\u00f5es","datePublished":"2022-05-31T16:44:12+00:00","dateModified":"2022-06-02T16:54:10+00:00","mainEntityOfPage":{"@id":"https:\/\/www.ultra.adm.br\/wp\/conselho-do-atletico-mineiro-aprova-venda-de-participacao-no-diamondmall-por-r-320-milhoes\/"},"wordCount":221,"publisher":{"@id":"https:\/\/www.ultra.adm.br\/wp\/#organization"},"image":{"@id":"https:\/\/www.ultra.adm.br\/wp\/conselho-do-atletico-mineiro-aprova-venda-de-participacao-no-diamondmall-por-r-320-milhoes\/#primaryimage"},"thumbnailUrl":"https:\/\/www.ultra.adm.br\/wp\/wp-content\/uploads\/2022\/06\/diamondmall.png","keywords":["M&amp;A","M&amp;A 2022"],"articleSection":["Clipping"],"inLanguage":"pt-BR"},{"@type":"WebPage","@id":"https:\/\/www.ultra.adm.br\/wp\/conselho-do-atletico-mineiro-aprova-venda-de-participacao-no-diamondmall-por-r-320-milhoes\/","url":"https:\/\/www.ultra.adm.br\/wp\/conselho-do-atletico-mineiro-aprova-venda-de-participacao-no-diamondmall-por-r-320-milhoes\/","name":"Ultra Planejamento, Comercializa\u00e7\u00e3o e Opera\u00e7\u00e3o de Shopping Centers &#187; Conselho do Atl\u00e9tico Mineiro aprova venda de participa\u00e7\u00e3o no DiamondMall, por R$ 320 milh\u00f5es","isPartOf":{"@id":"https:\/\/www.ultra.adm.br\/wp\/#website"},"primaryImageOfPage":{"@id":"https:\/\/www.ultra.adm.br\/wp\/conselho-do-atletico-mineiro-aprova-venda-de-participacao-no-diamondmall-por-r-320-milhoes\/#primaryimage"},"image":{"@id":"https:\/\/www.ultra.adm.br\/wp\/conselho-do-atletico-mineiro-aprova-venda-de-participacao-no-diamondmall-por-r-320-milhoes\/#primaryimage"},"thumbnailUrl":"https:\/\/www.ultra.adm.br\/wp\/wp-content\/uploads\/2022\/06\/diamondmall.png","datePublished":"2022-05-31T16:44:12+00:00","dateModified":"2022-06-02T16:54:10+00:00","breadcrumb":{"@id":"https:\/\/www.ultra.adm.br\/wp\/conselho-do-atletico-mineiro-aprova-venda-de-participacao-no-diamondmall-por-r-320-milhoes\/#breadcrumb"},"inLanguage":"pt-BR","potentialAction":[{"@type":"ReadAction","target":["https:\/\/www.ultra.adm.br\/wp\/conselho-do-atletico-mineiro-aprova-venda-de-participacao-no-diamondmall-por-r-320-milhoes\/"]}]},{"@type":"ImageObject","inLanguage":"pt-BR","@id":"https:\/\/www.ultra.adm.br\/wp\/conselho-do-atletico-mineiro-aprova-venda-de-participacao-no-diamondmall-por-r-320-milhoes\/#primaryimage","url":"https:\/\/www.ultra.adm.br\/wp\/wp-content\/uploads\/2022\/06\/diamondmall.png","contentUrl":"https:\/\/www.ultra.adm.br\/wp\/wp-content\/uploads\/2022\/06\/diamondmall.png","width":500,"height":284},{"@type":"BreadcrumbList","@id":"https:\/\/www.ultra.adm.br\/wp\/conselho-do-atletico-mineiro-aprova-venda-de-participacao-no-diamondmall-por-r-320-milhoes\/#breadcrumb","itemListElement":[{"@type":"ListItem","position":1,"name":"In\u00edcio","item":"https:\/\/www.ultra.adm.br\/wp\/"},{"@type":"ListItem","position":2,"name":"Conselho do Atl\u00e9tico Mineiro aprova venda de participa\u00e7\u00e3o no DiamondMall, por R$ 320 milh\u00f5es"}]},{"@type":"WebSite","@id":"https:\/\/www.ultra.adm.br\/wp\/#website","url":"https:\/\/www.ultra.adm.br\/wp\/","name":"Ultra Planejamento, Comercializa\u00e7\u00e3o e Opera\u00e7\u00e3o de Shopping Centers","description":"Disponibilizamos ao mercado de shopping centers e complexos comerciais todos os servi\u00e7os desde a concep\u00e7\u00e3o inicial at\u00e9 a gest\u00e3o desses empreendimentos, sempre respeitando os valores absolutos de \u00e9tica, transpar\u00eancia e profissionalismo.","publisher":{"@id":"https:\/\/www.ultra.adm.br\/wp\/#organization"},"potentialAction":[{"@type":"SearchAction","target":{"@type":"EntryPoint","urlTemplate":"https:\/\/www.ultra.adm.br\/wp\/?s={search_term_string}"},"query-input":{"@type":"PropertyValueSpecification","valueRequired":true,"valueName":"search_term_string"}}],"inLanguage":"pt-BR"},{"@type":"Organization","@id":"https:\/\/www.ultra.adm.br\/wp\/#organization","name":"Ultra Administra\u00e7\u00e3o, Comercializa\u00e7\u00e3o e Desenvolvimento de Shopping Centers","url":"https:\/\/www.ultra.adm.br\/wp\/","logo":{"@type":"ImageObject","inLanguage":"pt-BR","@id":"https:\/\/www.ultra.adm.br\/wp\/#\/schema\/logo\/image\/","url":"https:\/\/www.ultra.adm.br\/wp\/wp-content\/uploads\/2019\/03\/Ultra-Logo-rev3.jpg","contentUrl":"https:\/\/www.ultra.adm.br\/wp\/wp-content\/uploads\/2019\/03\/Ultra-Logo-rev3.jpg","width":250,"height":97,"caption":"Ultra Administra\u00e7\u00e3o, Comercializa\u00e7\u00e3o e Desenvolvimento de Shopping Centers"},"image":{"@id":"https:\/\/www.ultra.adm.br\/wp\/#\/schema\/logo\/image\/"}},{"@type":"Person","@id":"https:\/\/www.ultra.adm.br\/wp\/#\/schema\/person\/ab5d5553326e79ea7fbc1dc507b0373a","name":"Ultra Gest\u00e3o","sameAs":["http:\/\/www.ultra.adm.br"],"url":"https:\/\/www.ultra.adm.br\/wp\/author\/egomes\/"}]}},"_links":{"self":[{"href":"https:\/\/www.ultra.adm.br\/wp\/wp-json\/wp\/v2\/posts\/19063","targetHints":{"allow":["GET"]}}],"collection":[{"href":"https:\/\/www.ultra.adm.br\/wp\/wp-json\/wp\/v2\/posts"}],"about":[{"href":"https:\/\/www.ultra.adm.br\/wp\/wp-json\/wp\/v2\/types\/post"}],"author":[{"embeddable":true,"href":"https:\/\/www.ultra.adm.br\/wp\/wp-json\/wp\/v2\/users\/2"}],"replies":[{"embeddable":true,"href":"https:\/\/www.ultra.adm.br\/wp\/wp-json\/wp\/v2\/comments?post=19063"}],"version-history":[{"count":1,"href":"https:\/\/www.ultra.adm.br\/wp\/wp-json\/wp\/v2\/posts\/19063\/revisions"}],"predecessor-version":[{"id":19065,"href":"https:\/\/www.ultra.adm.br\/wp\/wp-json\/wp\/v2\/posts\/19063\/revisions\/19065"}],"wp:featuredmedia":[{"embeddable":true,"href":"https:\/\/www.ultra.adm.br\/wp\/wp-json\/wp\/v2\/media\/19064"}],"wp:attachment":[{"href":"https:\/\/www.ultra.adm.br\/wp\/wp-json\/wp\/v2\/media?parent=19063"}],"wp:term":[{"taxonomy":"category","embeddable":true,"href":"https:\/\/www.ultra.adm.br\/wp\/wp-json\/wp\/v2\/categories?post=19063"},{"taxonomy":"post_tag","embeddable":true,"href":"https:\/\/www.ultra.adm.br\/wp\/wp-json\/wp\/v2\/tags?post=19063"}],"curies":[{"name":"wp","href":"https:\/\/api.w.org\/{rel}","templated":true}]}}